{"id":9090,"date":"2023-11-13T14:30:47","date_gmt":"2023-11-13T13:30:47","guid":{"rendered":"https:\/\/www.executiveprofiler.fr\/?p=9090"},"modified":"2024-05-21T10:12:50","modified_gmt":"2024-05-21T08:12:50","slug":"quel-est-linteret-de-faire-un-bilan-de-competences","status":"publish","type":"post","link":"https:\/\/www.executiveprofiler.fr\/index.php\/2023\/11\/13\/quel-est-linteret-de-faire-un-bilan-de-competences\/","title":{"rendered":"Quel est l&#8217;int\u00e9r\u00eat de faire un bilan de comp\u00e9tences ?"},"content":{"rendered":"[et_pb_section fb_built=&#8221;1&#8243; admin_label=&#8221;section&#8221; _builder_version=&#8221;4.16&#8243; global_colors_info=&#8221;{}&#8221;][et_pb_row admin_label=&#8221;row&#8221; _builder_version=&#8221;4.16&#8243; background_size=&#8221;initial&#8221; background_position=&#8221;top_left&#8221; background_repeat=&#8221;repeat&#8221; global_colors_info=&#8221;{}&#8221;][et_pb_column type=&#8221;4_4&#8243; _builder_version=&#8221;4.16&#8243; custom_padding=&#8221;|||&#8221; global_colors_info=&#8221;{}&#8221; custom_padding__hover=&#8221;|||&#8221;][et_pb_text admin_label=&#8221;Text&#8221; _builder_version=&#8221;4.16&#8243; background_size=&#8221;initial&#8221; background_position=&#8221;top_left&#8221; background_repeat=&#8221;repeat&#8221; hover_enabled=&#8221;0&#8243; global_colors_info=&#8221;{}&#8221; sticky_enabled=&#8221;0&#8243;]<p><\/p>\n<figure class=\"wp-block-image size-large\" style=\"text-align: justify;\"><img loading=\"lazy\" decoding=\"async\" width=\"1024\" height=\"585\" src=\"https:\/\/www.executiveprofiler.fr\/wp-content\/uploads\/2023\/11\/bilan-de-competences-1024x585.png\" alt=\"bilan de compe\u0301tences\" class=\"wp-image-9091\" srcset=\"https:\/\/www.executiveprofiler.fr\/wp-content\/uploads\/2023\/11\/bilan-de-competences-1024x585.png 1024w, https:\/\/www.executiveprofiler.fr\/wp-content\/uploads\/2023\/11\/bilan-de-competences-980x560.png 980w, https:\/\/www.executiveprofiler.fr\/wp-content\/uploads\/2023\/11\/bilan-de-competences-480x274.png 480w\" sizes=\"auto, (min-width: 0px) and (max-width: 480px) 480px, (min-width: 481px) and (max-width: 980px) 980px, (min-width: 981px) 1024px, 100vw\" \/><\/figure>\n<p style=\"text-align: justify;\"><\/p>\n<p style=\"text-align: justify;\"><\/p>\n<p style=\"text-align: justify;\">Que vous soyez un demandeur d\u2019emploi, un salari\u00e9 en reconversion ou un entrepreneur, le bilan de comp\u00e9tences est une solution id\u00e9ale pour vous <strong>pour faire le point <\/strong>sur votre carri\u00e8re professionnelle et votre avenir personnel. Accompagn\u00e9 par votre conseiller d\u00e9di\u00e9, faites le point sur vos atouts, vos points faibles, vos exp\u00e9riences et sur l\u2019ensemble des connaissances et comp\u00e9tences acquises au fil des ann\u00e9es !<\/p>\n<p style=\"text-align: justify;\"><\/p>\n<p style=\"text-align: justify;\"><\/p>\n<p style=\"text-align: justify;\">C\u2019est <strong>une bo\u00eete \u00e0 outils unique<\/strong> gr\u00e2ce \u00e0 laquelle vous aurez l\u2019opportunit\u00e9 de prendre les d\u00e9cisions les plus adapt\u00e9es \u00e0 votre profil dans refouler vos aspirations.<\/p>\n<p style=\"text-align: justify;\"><\/p>\n<p style=\"text-align: justify;\"><\/p>\n<p style=\"text-align: justify;\"><em>Chez Executive Profiler, nous proposons deux types d\u2019accompagnement dont le Pack Booster et le Pack Premium.<\/em><\/p>\n<p style=\"text-align: justify;\"><\/p>\n<p style=\"text-align: justify;\"><\/p>\n<h2 class=\"wp-block-heading\" style=\"text-align: justify;\">Quels sont les int\u00e9r\u00eats d\u2019un bilan de comp\u00e9tences ?<\/h2>\n<p style=\"text-align: justify;\"><\/p>\n<p style=\"text-align: justify;\"><\/p>\n<p style=\"text-align: justify;\">Le <a href=\"https:\/\/www.executiveprofiler.fr\/index.php\/bilan-de-competences-dans-loise\/\" rel=\"noreferrer noopener\" target=\"_blank\">bilan de comp\u00e9tences<\/a> est un processus d\u2019accompagnement individuel qui permet \u00e0 une personne d&#8217;\u00e9valuer son parcours professionnel, ses comp\u00e9tences, ses int\u00e9r\u00eats et ses aspirations. Il offre de nombreux avantages que ce soit dans le cadre d&#8217;une r\u00e9orientation de carri\u00e8re, d&#8217;une reconversion ou tout simplement pour mieux comprendre son potentiel et ses perspectives professionnelles.\u00a0<\/p>\n<p style=\"text-align: justify;\"><\/p>\n<p style=\"text-align: justify;\"><\/p>\n<p style=\"text-align: justify;\">Pour vous permettre de mieux comprendre et juger en quoi cela peut vous \u00eatre favorable, voici une liste des principaux int\u00e9r\u00eats de cette introspection et r\u00e9trospective.<\/p>\n<p style=\"text-align: justify;\"><\/p>\n<p style=\"text-align: justify;\"><\/p>\n<h3 class=\"wp-block-heading\" style=\"text-align: justify;\">La clarification des objectifs professionnels<\/h3>\n<p style=\"text-align: justify;\"><\/p>\n<p style=\"text-align: justify;\"><\/p>\n<p style=\"text-align: justify;\">C\u2019est une solution id\u00e9ale adopt\u00e9e par des milliers de personnes qui souhaitent \u00eatre aid\u00e9es dans l\u2019identification de leurs aspirations, de leurs valeurs, de leurs int\u00e9r\u00eats et leurs objectifs professionnels de mani\u00e8re plus pr\u00e9cise. Cela permet de prendre des d\u00e9cisions \u00e9clair\u00e9es sur la direction \u00e0 suivre dans sa carri\u00e8re.<\/p>\n<p style=\"text-align: justify;\"><\/p>\n<p style=\"text-align: justify;\"><\/p>\n<h3 class=\"wp-block-heading\" style=\"text-align: justify;\">L\u2019am\u00e9lioration de la connaissance de soi<\/h3>\n<p style=\"text-align: justify;\"><\/p>\n<p style=\"text-align: justify;\"><\/p>\n<p style=\"text-align: justify;\">Ce bilan \u00e0 la fois professionnel et personnel permet de mieux comprendre ses comp\u00e9tences, ses forces et ses faiblesses, ainsi que la mani\u00e8re dont elles s&#8217;appliquent \u00e0 diff\u00e9rentes carri\u00e8res ou fonctions. Cela renforce la confiance en soi et favorise la mise en valeur de votre Talent, dans le respect de votre \u00e9cosyst\u00e8me.<\/p>\n<p style=\"text-align: justify;\"><\/p>\n<p style=\"text-align: justify;\"><\/p>\n<h3 class=\"wp-block-heading\" style=\"text-align: justify;\">L\u2019adaptabilit\u00e9 aux changements<\/h3>\n<p style=\"text-align: justify;\"><\/p>\n<p style=\"text-align: justify;\"><\/p>\n<p style=\"text-align: justify;\">Dans un monde professionnel en constante \u00e9volution, un bilan de comp\u00e9tences aide \u00e0 s&#8217;adapter aux nouvelles r\u00e9alit\u00e9s du march\u00e9 du travail et \u00e0 envisager des opportunit\u00e9s d&#8217;\u00e9volution ou de r\u00e9orientation.<\/p>\n<p style=\"text-align: justify;\"><\/p>\n<p style=\"text-align: justify;\"><\/p>\n<h3 class=\"wp-block-heading\" style=\"text-align: justify;\">L\u2019identification des besoins de formation<\/h3>\n<p style=\"text-align: justify;\"><\/p>\n<p style=\"text-align: justify;\"><\/p>\n<p style=\"text-align: justify;\">Ce type de r\u00e9trospective peut r\u00e9v\u00e9ler des lacunes, des points faibles, conduisant alors \u00e0 des remises en question, des positionnements nouveaux, la mise en exergue de nouveaux besoins, d\u2019autres formations ou de perfectionnement. Cela favorise le d\u00e9veloppement professionnel mais aussi personnel !<\/p>\n<p style=\"text-align: justify;\"><\/p>\n<p style=\"text-align: justify;\"><\/p>\n<h3 class=\"wp-block-heading\" style=\"text-align: justify;\">La validation des acquis<\/h3>\n<p style=\"text-align: justify;\"><\/p>\n<p style=\"text-align: justify;\"><\/p>\n<p style=\"text-align: justify;\">Un bilan de comp\u00e9tences tel que nous le proposons permet \u00e9videmment de mettre en \u00e9vidence les comp\u00e9tences acquises au fil du temps, souvent sous-estim\u00e9es, qui peuvent \u00eatre valoris\u00e9es dans une nouvelle carri\u00e8re.<\/p>\n<p style=\"text-align: justify;\"><\/p>\n<p style=\"text-align: justify;\"><\/p>\n<h3 class=\"wp-block-heading\" style=\"text-align: justify;\">Aide \u00e0 la r\u00e9daction des CV et aux entretiens d\u2019embauche<\/h3>\n<p style=\"text-align: justify;\"><\/p>\n<p style=\"text-align: justify;\"><\/p>\n<p style=\"text-align: justify;\">En mettant en \u00e9vidence les comp\u00e9tences et les r\u00e9alisations, un bilan de comp\u00e9tences facilite la r\u00e9daction d&#8217;un CV convaincant et la pr\u00e9paration d&#8217;entretiens d&#8217;embauche r\u00e9ussis.<\/p>\n<p style=\"text-align: justify;\"><\/p>\n<p style=\"text-align: justify;\"><\/p>\n<h3 class=\"wp-block-heading\" style=\"text-align: justify;\">L\u2019\u00e9valuation de la faisabilit\u00e9 des projets professionnels<\/h3>\n<p style=\"text-align: justify;\"><\/p>\n<p style=\"text-align: justify;\"><\/p>\n<p style=\"text-align: justify;\">Le bilan permet d&#8217;\u00e9valuer la viabilit\u00e9 d&#8217;une id\u00e9e de projet ou de carri\u00e8re en identifiant les ressources, les comp\u00e9tences et les \u00e9tapes n\u00e9cessaires. Votre conseiller d\u00e9di\u00e9 est pr\u00e9sent d\u00e8s que n\u00e9cessaire pour vous accompagner, vous conseiller et vous aiguiller dans vos recherches ! Il vous fournit des informations objectives pour prendre des d\u00e9cisions professionnelles, ce qui r\u00e9duit amplement l&#8217;incertitude et le stress li\u00e9s \u00e0 ces d\u00e9cisions.<\/p>\n<p style=\"text-align: justify;\"><\/p>\n<p style=\"text-align: justify;\"><\/p>\n<h3 class=\"wp-block-heading\" style=\"text-align: justify;\">Un meilleur investissement dans sa carri\u00e8re<\/h3>\n<p style=\"text-align: justify;\"><\/p>\n<p style=\"text-align: justify;\"><\/p>\n<p style=\"text-align: justify;\">Eh bien, oui ! Le fait de consacrer du temps \u00e0 un bilan de comp\u00e9tences d\u00e9montre un engagement sinc\u00e8re envers sa propre croissance personnelle et professionnelle, ce qui participe \u00e0 une meilleure confiance en soi et \u00e0 plus de motivation !<\/p>\n<p style=\"text-align: justify;\"><\/p>\n<p style=\"text-align: justify;\"><\/p>\n<p style=\"text-align: justify;\">Ce pr\u00e9cieux outil est n\u00e9cessaire pour prendre en main sa carri\u00e8re, optimiser ses choix professionnels et s&#8217;assurer qu\u2019ils sont en phase avec ses comp\u00e9tences, ses int\u00e9r\u00eats et ses aspirations. Cela peut contribuer \u00e0 un meilleur \u00e9quilibre entre vie personnelle et vie professionnelle.<\/p>\n<p><\/p>\n<p><\/p>[\/et_pb_text][\/et_pb_column][\/et_pb_row][\/et_pb_section]","protected":false},"excerpt":{"rendered":"<p>Que vous soyez un demandeur d\u2019emploi, un salari\u00e9 en reconversion ou un entrepreneur, le bilan de comp\u00e9tences est une solution id\u00e9ale pour vous pour faire le point sur votre carri\u00e8re professionnelle et votre avenir personnel. Accompagn\u00e9 par votre conseiller d\u00e9di\u00e9, faites le point sur vos atouts, vos points faibles, vos exp\u00e9riences et sur l\u2019ensemble des [&hellip;]<\/p>\n","protected":false},"author":9,"featured_media":9091,"comment_status":"open","ping_status":"open","sticky":false,"template":"","format":"standard","meta":{"_et_pb_use_builder":"on","_et_pb_old_content":"<!-- wp:image {\"id\":9091,\"sizeSlug\":\"large\",\"linkDestination\":\"none\"} -->\n<figure class=\"wp-block-image size-large\"><img src=\"https:\/\/www.executiveprofiler.fr\/wp-content\/uploads\/2023\/11\/bilan-de-competences-1024x585.png\" alt=\"bilan de compe\u0301tences\" class=\"wp-image-9091\"\/><\/figure>\n<!-- \/wp:image -->\n\n<!-- wp:paragraph -->\n<p>Que vous soyez un demandeur d\u2019emploi, un salari\u00e9 en reconversion ou un entrepreneur, le bilan de comp\u00e9tences est une solution id\u00e9ale pour vous <strong>pour faire le point <\/strong>sur votre carri\u00e8re professionnelle et votre avenir personnel. Accompagn\u00e9 par votre conseiller d\u00e9di\u00e9, faites le point sur vos atouts, vos points faibles, vos exp\u00e9riences et sur l\u2019ensemble des connaissances et comp\u00e9tences acquises au fil des ann\u00e9es !<\/p>\n<!-- \/wp:paragraph -->\n\n<!-- wp:paragraph -->\n<p>C\u2019est <strong>une bo\u00eete \u00e0 outils unique<\/strong> gr\u00e2ce \u00e0 laquelle vous aurez l\u2019opportunit\u00e9 de prendre les d\u00e9cisions les plus adapt\u00e9es \u00e0 votre profil dans refouler vos aspirations.<\/p>\n<!-- \/wp:paragraph -->\n\n<!-- wp:paragraph -->\n<p><em>Chez Executive Profiler, nous proposons deux types d\u2019accompagnement dont le Pack Booster et le Pack Premium.<\/em><\/p>\n<!-- \/wp:paragraph -->\n\n<!-- wp:heading -->\n<h2>Quels sont les int\u00e9r\u00eats d\u2019un bilan de comp\u00e9tences ?<\/h2>\n<!-- \/wp:heading -->\n\n<!-- wp:paragraph -->\n<p>Le <a href=\"https:\/\/www.executiveprofiler.fr\/index.php\/bilan-de-competences-dans-loise\/\" rel=\"noreferrer noopener\" target=\"_blank\">bilan de comp\u00e9tences<\/a> est un processus d\u2019accompagnement individuel qui permet \u00e0 une personne d'\u00e9valuer son parcours professionnel, ses comp\u00e9tences, ses int\u00e9r\u00eats et ses aspirations. Il offre de nombreux avantages que ce soit dans le cadre d'une r\u00e9orientation de carri\u00e8re, d'une reconversion ou tout simplement pour mieux comprendre son potentiel et ses perspectives professionnelles.&nbsp;<\/p>\n<!-- \/wp:paragraph -->\n\n<!-- wp:paragraph -->\n<p>Pour vous permettre de mieux comprendre et juger en quoi cela peut vous \u00eatre favorable, voici une liste des principaux int\u00e9r\u00eats de cette introspection et r\u00e9trospective.<\/p>\n<!-- \/wp:paragraph -->\n\n<!-- wp:heading {\"level\":3} -->\n<h3>La clarification des objectifs professionnels<\/h3>\n<!-- \/wp:heading -->\n\n<!-- wp:paragraph -->\n<p>C\u2019est une solution id\u00e9ale adopt\u00e9e par des milliers de personnes qui souhaitent \u00eatre aid\u00e9es dans l\u2019identification de leurs aspirations, de leurs valeurs, de leurs int\u00e9r\u00eats et leurs objectifs professionnels de mani\u00e8re plus pr\u00e9cise. Cela permet de prendre des d\u00e9cisions \u00e9clair\u00e9es sur la direction \u00e0 suivre dans sa carri\u00e8re.<\/p>\n<!-- \/wp:paragraph -->\n\n<!-- wp:heading {\"level\":3} -->\n<h3>L\u2019am\u00e9lioration de la connaissance de soi<\/h3>\n<!-- \/wp:heading -->\n\n<!-- wp:paragraph -->\n<p>Ce bilan \u00e0 la fois professionnel et personnel permet de mieux comprendre ses comp\u00e9tences, ses forces et ses faiblesses, ainsi que la mani\u00e8re dont elles s'appliquent \u00e0 diff\u00e9rentes carri\u00e8res ou fonctions. Cela renforce la confiance en soi et favorise la mise en valeur de votre Talent, dans le respect de votre \u00e9cosyst\u00e8me.<\/p>\n<!-- \/wp:paragraph -->\n\n<!-- wp:heading {\"level\":3} -->\n<h3>L\u2019adaptabilit\u00e9 aux changements<\/h3>\n<!-- \/wp:heading -->\n\n<!-- wp:paragraph -->\n<p>Dans un monde professionnel en constante \u00e9volution, un bilan de comp\u00e9tences aide \u00e0 s'adapter aux nouvelles r\u00e9alit\u00e9s du march\u00e9 du travail et \u00e0 envisager des opportunit\u00e9s d'\u00e9volution ou de r\u00e9orientation.<\/p>\n<!-- \/wp:paragraph -->\n\n<!-- wp:heading {\"level\":3} -->\n<h3>L\u2019identification des besoins de formation<\/h3>\n<!-- \/wp:heading -->\n\n<!-- wp:paragraph -->\n<p>Ce type de r\u00e9trospective peut r\u00e9v\u00e9ler des lacunes, des points faibles, conduisant alors \u00e0 des remises en question, des positionnements nouveaux, la mise en exergue de nouveaux besoins, d\u2019autres formations ou de perfectionnement. Cela favorise le d\u00e9veloppement professionnel mais aussi personnel !<\/p>\n<!-- \/wp:paragraph -->\n\n<!-- wp:heading {\"level\":3} -->\n<h3>La validation des acquis<\/h3>\n<!-- \/wp:heading -->\n\n<!-- wp:paragraph -->\n<p>Un bilan de comp\u00e9tences tel que nous le proposons permet \u00e9videmment de mettre en \u00e9vidence les comp\u00e9tences acquises au fil du temps, souvent sous-estim\u00e9es, qui peuvent \u00eatre valoris\u00e9es dans une nouvelle carri\u00e8re.<\/p>\n<!-- \/wp:paragraph -->\n\n<!-- wp:heading {\"level\":3} -->\n<h3>Aide \u00e0 la r\u00e9daction des CV et aux entretiens d\u2019embauche<\/h3>\n<!-- \/wp:heading -->\n\n<!-- wp:paragraph -->\n<p>En mettant en \u00e9vidence les comp\u00e9tences et les r\u00e9alisations, un bilan de comp\u00e9tences facilite la r\u00e9daction d'un CV convaincant et la pr\u00e9paration d'entretiens d'embauche r\u00e9ussis.<\/p>\n<!-- \/wp:paragraph -->\n\n<!-- wp:heading {\"level\":3} -->\n<h3>L\u2019\u00e9valuation de la faisabilit\u00e9 des projets professionnels<\/h3>\n<!-- \/wp:heading -->\n\n<!-- wp:paragraph -->\n<p>Le bilan permet d'\u00e9valuer la viabilit\u00e9 d'une id\u00e9e de projet ou de carri\u00e8re en identifiant les ressources, les comp\u00e9tences et les \u00e9tapes n\u00e9cessaires. Votre conseiller d\u00e9di\u00e9 est pr\u00e9sent d\u00e8s que n\u00e9cessaire pour vous accompagner, vous conseiller et vous aiguiller dans vos recherches ! Il vous fournit des informations objectives pour prendre des d\u00e9cisions professionnelles, ce qui r\u00e9duit amplement l'incertitude et le stress li\u00e9s \u00e0 ces d\u00e9cisions.<\/p>\n<!-- \/wp:paragraph -->\n\n<!-- wp:heading {\"level\":3} -->\n<h3>Un meilleur investissement dans sa carri\u00e8re<\/h3>\n<!-- \/wp:heading -->\n\n<!-- wp:paragraph -->\n<p>Eh bien, oui ! Le fait de consacrer du temps \u00e0 un bilan de comp\u00e9tences d\u00e9montre un engagement sinc\u00e8re envers sa propre croissance personnelle et professionnelle, ce qui participe \u00e0 une meilleure confiance en soi et \u00e0 plus de motivation !<\/p>\n<!-- \/wp:paragraph -->\n\n<!-- wp:paragraph -->\n<p>Ce pr\u00e9cieux outil est n\u00e9cessaire pour prendre en main sa carri\u00e8re, optimiser ses choix professionnels et s'assurer qu\u2019ils sont en phase avec ses comp\u00e9tences, ses int\u00e9r\u00eats et ses aspirations. Cela peut contribuer \u00e0 un meilleur \u00e9quilibre entre vie personnelle et vie professionnelle.<\/p>\n<!-- \/wp:paragraph -->\n\n<!-- wp:divi\/placeholder \/-->","_et_gb_content_width":"","footnotes":""},"categories":[41],"tags":[],"class_list":["post-9090","post","type-post","status-publish","format-standard","has-post-thumbnail","hentry","category-bilan-de-competence"],"yoast_head":"<!-- This site is optimized with the Yoast SEO plugin v27.5 - https:\/\/yoast.com\/product\/yoast-seo-wordpress\/ -->\n<title>Quel est l&#039;int\u00e9r\u00eat de faire un bilan de comp\u00e9tences ? - Executive Profiler<\/title>\n<meta name=\"robots\" content=\"index, follow, max-snippet:-1, max-image-preview:large, max-video-preview:-1\" \/>\n<link rel=\"canonical\" href=\"https:\/\/www.executiveprofiler.fr\/index.php\/2023\/11\/13\/quel-est-linteret-de-faire-un-bilan-de-competences\/\" \/>\n<meta property=\"og:locale\" content=\"fr_FR\" \/>\n<meta property=\"og:type\" content=\"article\" \/>\n<meta property=\"og:title\" content=\"Quel est l&#039;int\u00e9r\u00eat de faire un bilan de comp\u00e9tences ? - Executive Profiler\" \/>\n<meta property=\"og:description\" content=\"Que vous soyez un demandeur d\u2019emploi, un salari\u00e9 en reconversion ou un entrepreneur, le bilan de comp\u00e9tences est une solution id\u00e9ale pour vous pour faire le point sur votre carri\u00e8re professionnelle et votre avenir personnel. Accompagn\u00e9 par votre conseiller d\u00e9di\u00e9, faites le point sur vos atouts, vos points faibles, vos exp\u00e9riences et sur l\u2019ensemble des [&hellip;]\" \/>\n<meta property=\"og:url\" content=\"https:\/\/www.executiveprofiler.fr\/index.php\/2023\/11\/13\/quel-est-linteret-de-faire-un-bilan-de-competences\/\" \/>\n<meta property=\"og:site_name\" content=\"Executive Profiler\" \/>\n<meta property=\"article:publisher\" content=\"https:\/\/www.facebook.com\/executiveprofiler\" \/>\n<meta property=\"article:published_time\" content=\"2023-11-13T13:30:47+00:00\" \/>\n<meta property=\"article:modified_time\" content=\"2024-05-21T08:12:50+00:00\" \/>\n<meta property=\"og:image\" content=\"https:\/\/www.executiveprofiler.fr\/wp-content\/uploads\/2023\/11\/bilan-de-competences.png\" \/>\n\t<meta property=\"og:image:width\" content=\"1050\" \/>\n\t<meta property=\"og:image:height\" content=\"600\" \/>\n\t<meta property=\"og:image:type\" content=\"image\/png\" \/>\n<meta name=\"author\" content=\"RAPHAEL\" \/>\n<meta name=\"twitter:card\" content=\"summary_large_image\" \/>\n<meta name=\"twitter:label1\" content=\"\u00c9crit par\" \/>\n\t<meta name=\"twitter:data1\" content=\"RAPHAEL\" \/>\n\t<meta name=\"twitter:label2\" content=\"Dur\u00e9e de lecture estim\u00e9e\" \/>\n\t<meta name=\"twitter:data2\" content=\"4 minutes\" \/>\n<script type=\"application\/ld+json\" class=\"yoast-schema-graph\">{\"@context\":\"https:\\\/\\\/schema.org\",\"@graph\":[{\"@type\":\"Article\",\"@id\":\"https:\\\/\\\/www.executiveprofiler.fr\\\/index.php\\\/2023\\\/11\\\/13\\\/quel-est-linteret-de-faire-un-bilan-de-competences\\\/#article\",\"isPartOf\":{\"@id\":\"https:\\\/\\\/www.executiveprofiler.fr\\\/index.php\\\/2023\\\/11\\\/13\\\/quel-est-linteret-de-faire-un-bilan-de-competences\\\/\"},\"author\":{\"name\":\"RAPHAEL\",\"@id\":\"https:\\\/\\\/www.executiveprofiler.fr\\\/#\\\/schema\\\/person\\\/1c7e2747edd659f9aaaa460ce5bf42a3\"},\"headline\":\"Quel est l&#8217;int\u00e9r\u00eat de faire un bilan de comp\u00e9tences ?\",\"datePublished\":\"2023-11-13T13:30:47+00:00\",\"dateModified\":\"2024-05-21T08:12:50+00:00\",\"mainEntityOfPage\":{\"@id\":\"https:\\\/\\\/www.executiveprofiler.fr\\\/index.php\\\/2023\\\/11\\\/13\\\/quel-est-linteret-de-faire-un-bilan-de-competences\\\/\"},\"wordCount\":795,\"commentCount\":0,\"publisher\":{\"@id\":\"https:\\\/\\\/www.executiveprofiler.fr\\\/#organization\"},\"image\":{\"@id\":\"https:\\\/\\\/www.executiveprofiler.fr\\\/index.php\\\/2023\\\/11\\\/13\\\/quel-est-linteret-de-faire-un-bilan-de-competences\\\/#primaryimage\"},\"thumbnailUrl\":\"https:\\\/\\\/www.executiveprofiler.fr\\\/wp-content\\\/uploads\\\/2023\\\/11\\\/bilan-de-competences.png\",\"articleSection\":[\"Bilan de comp\u00e9tence\"],\"inLanguage\":\"fr-FR\",\"potentialAction\":[{\"@type\":\"CommentAction\",\"name\":\"Comment\",\"target\":[\"https:\\\/\\\/www.executiveprofiler.fr\\\/index.php\\\/2023\\\/11\\\/13\\\/quel-est-linteret-de-faire-un-bilan-de-competences\\\/#respond\"]}]},{\"@type\":\"WebPage\",\"@id\":\"https:\\\/\\\/www.executiveprofiler.fr\\\/index.php\\\/2023\\\/11\\\/13\\\/quel-est-linteret-de-faire-un-bilan-de-competences\\\/\",\"url\":\"https:\\\/\\\/www.executiveprofiler.fr\\\/index.php\\\/2023\\\/11\\\/13\\\/quel-est-linteret-de-faire-un-bilan-de-competences\\\/\",\"name\":\"Quel est l'int\u00e9r\u00eat de faire un bilan de comp\u00e9tences ? - Executive Profiler\",\"isPartOf\":{\"@id\":\"https:\\\/\\\/www.executiveprofiler.fr\\\/#website\"},\"primaryImageOfPage\":{\"@id\":\"https:\\\/\\\/www.executiveprofiler.fr\\\/index.php\\\/2023\\\/11\\\/13\\\/quel-est-linteret-de-faire-un-bilan-de-competences\\\/#primaryimage\"},\"image\":{\"@id\":\"https:\\\/\\\/www.executiveprofiler.fr\\\/index.php\\\/2023\\\/11\\\/13\\\/quel-est-linteret-de-faire-un-bilan-de-competences\\\/#primaryimage\"},\"thumbnailUrl\":\"https:\\\/\\\/www.executiveprofiler.fr\\\/wp-content\\\/uploads\\\/2023\\\/11\\\/bilan-de-competences.png\",\"datePublished\":\"2023-11-13T13:30:47+00:00\",\"dateModified\":\"2024-05-21T08:12:50+00:00\",\"breadcrumb\":{\"@id\":\"https:\\\/\\\/www.executiveprofiler.fr\\\/index.php\\\/2023\\\/11\\\/13\\\/quel-est-linteret-de-faire-un-bilan-de-competences\\\/#breadcrumb\"},\"inLanguage\":\"fr-FR\",\"potentialAction\":[{\"@type\":\"ReadAction\",\"target\":[\"https:\\\/\\\/www.executiveprofiler.fr\\\/index.php\\\/2023\\\/11\\\/13\\\/quel-est-linteret-de-faire-un-bilan-de-competences\\\/\"]}]},{\"@type\":\"ImageObject\",\"inLanguage\":\"fr-FR\",\"@id\":\"https:\\\/\\\/www.executiveprofiler.fr\\\/index.php\\\/2023\\\/11\\\/13\\\/quel-est-linteret-de-faire-un-bilan-de-competences\\\/#primaryimage\",\"url\":\"https:\\\/\\\/www.executiveprofiler.fr\\\/wp-content\\\/uploads\\\/2023\\\/11\\\/bilan-de-competences.png\",\"contentUrl\":\"https:\\\/\\\/www.executiveprofiler.fr\\\/wp-content\\\/uploads\\\/2023\\\/11\\\/bilan-de-competences.png\",\"width\":1050,\"height\":600,\"caption\":\"bilan de compe\u0301tences\"},{\"@type\":\"BreadcrumbList\",\"@id\":\"https:\\\/\\\/www.executiveprofiler.fr\\\/index.php\\\/2023\\\/11\\\/13\\\/quel-est-linteret-de-faire-un-bilan-de-competences\\\/#breadcrumb\",\"itemListElement\":[{\"@type\":\"ListItem\",\"position\":1,\"name\":\"Accueil\",\"item\":\"https:\\\/\\\/www.executiveprofiler.fr\\\/\"},{\"@type\":\"ListItem\",\"position\":2,\"name\":\"Quel est l&#8217;int\u00e9r\u00eat de faire un bilan de comp\u00e9tences ?\"}]},{\"@type\":\"WebSite\",\"@id\":\"https:\\\/\\\/www.executiveprofiler.fr\\\/#website\",\"url\":\"https:\\\/\\\/www.executiveprofiler.fr\\\/\",\"name\":\"Executive Profiler\",\"description\":\"R\u00e9v\u00e9lez votre Talents\",\"publisher\":{\"@id\":\"https:\\\/\\\/www.executiveprofiler.fr\\\/#organization\"},\"potentialAction\":[{\"@type\":\"SearchAction\",\"target\":{\"@type\":\"EntryPoint\",\"urlTemplate\":\"https:\\\/\\\/www.executiveprofiler.fr\\\/?s={search_term_string}\"},\"query-input\":{\"@type\":\"PropertyValueSpecification\",\"valueRequired\":true,\"valueName\":\"search_term_string\"}}],\"inLanguage\":\"fr-FR\"},{\"@type\":\"Organization\",\"@id\":\"https:\\\/\\\/www.executiveprofiler.fr\\\/#organization\",\"name\":\"Executive Profiler\",\"url\":\"https:\\\/\\\/www.executiveprofiler.fr\\\/\",\"logo\":{\"@type\":\"ImageObject\",\"inLanguage\":\"fr-FR\",\"@id\":\"https:\\\/\\\/www.executiveprofiler.fr\\\/#\\\/schema\\\/logo\\\/image\\\/\",\"url\":\"https:\\\/\\\/www.executiveprofiler.fr\\\/wp-content\\\/uploads\\\/2024\\\/05\\\/logo-EP-.png\",\"contentUrl\":\"https:\\\/\\\/www.executiveprofiler.fr\\\/wp-content\\\/uploads\\\/2024\\\/05\\\/logo-EP-.png\",\"width\":1148,\"height\":578,\"caption\":\"Executive Profiler\"},\"image\":{\"@id\":\"https:\\\/\\\/www.executiveprofiler.fr\\\/#\\\/schema\\\/logo\\\/image\\\/\"},\"sameAs\":[\"https:\\\/\\\/www.facebook.com\\\/executiveprofiler\",\"https:\\\/\\\/www.linkedin.com\\\/in\\\/norrito\\\/\",\"https:\\\/\\\/www.youtube.com\\\/channel\\\/UCVzcTreI5uP3M7ty0S_BHsw\"]},{\"@type\":\"Person\",\"@id\":\"https:\\\/\\\/www.executiveprofiler.fr\\\/#\\\/schema\\\/person\\\/1c7e2747edd659f9aaaa460ce5bf42a3\",\"name\":\"RAPHAEL\",\"image\":{\"@type\":\"ImageObject\",\"inLanguage\":\"fr-FR\",\"@id\":\"https:\\\/\\\/secure.gravatar.com\\\/avatar\\\/b8e188adc1eceb3a2019712c8557c1fd1faab2e055ec9a1e988bb69ae16ab9b4?s=96&d=mm&r=g\",\"url\":\"https:\\\/\\\/secure.gravatar.com\\\/avatar\\\/b8e188adc1eceb3a2019712c8557c1fd1faab2e055ec9a1e988bb69ae16ab9b4?s=96&d=mm&r=g\",\"contentUrl\":\"https:\\\/\\\/secure.gravatar.com\\\/avatar\\\/b8e188adc1eceb3a2019712c8557c1fd1faab2e055ec9a1e988bb69ae16ab9b4?s=96&d=mm&r=g\",\"caption\":\"RAPHAEL\"},\"url\":\"https:\\\/\\\/www.executiveprofiler.fr\\\/index.php\\\/author\\\/raphael\\\/\"}]}<\/script>\n<!-- \/ Yoast SEO plugin. -->","yoast_head_json":{"title":"Quel est l'int\u00e9r\u00eat de faire un bilan de comp\u00e9tences ? - Executive Profiler","robots":{"index":"index","follow":"follow","max-snippet":"max-snippet:-1","max-image-preview":"max-image-preview:large","max-video-preview":"max-video-preview:-1"},"canonical":"https:\/\/www.executiveprofiler.fr\/index.php\/2023\/11\/13\/quel-est-linteret-de-faire-un-bilan-de-competences\/","og_locale":"fr_FR","og_type":"article","og_title":"Quel est l'int\u00e9r\u00eat de faire un bilan de comp\u00e9tences ? - Executive Profiler","og_description":"Que vous soyez un demandeur d\u2019emploi, un salari\u00e9 en reconversion ou un entrepreneur, le bilan de comp\u00e9tences est une solution id\u00e9ale pour vous pour faire le point sur votre carri\u00e8re professionnelle et votre avenir personnel. Accompagn\u00e9 par votre conseiller d\u00e9di\u00e9, faites le point sur vos atouts, vos points faibles, vos exp\u00e9riences et sur l\u2019ensemble des [&hellip;]","og_url":"https:\/\/www.executiveprofiler.fr\/index.php\/2023\/11\/13\/quel-est-linteret-de-faire-un-bilan-de-competences\/","og_site_name":"Executive Profiler","article_publisher":"https:\/\/www.facebook.com\/executiveprofiler","article_published_time":"2023-11-13T13:30:47+00:00","article_modified_time":"2024-05-21T08:12:50+00:00","og_image":[{"width":1050,"height":600,"url":"https:\/\/www.executiveprofiler.fr\/wp-content\/uploads\/2023\/11\/bilan-de-competences.png","type":"image\/png"}],"author":"RAPHAEL","twitter_card":"summary_large_image","twitter_misc":{"\u00c9crit par":"RAPHAEL","Dur\u00e9e de lecture estim\u00e9e":"4 minutes"},"schema":{"@context":"https:\/\/schema.org","@graph":[{"@type":"Article","@id":"https:\/\/www.executiveprofiler.fr\/index.php\/2023\/11\/13\/quel-est-linteret-de-faire-un-bilan-de-competences\/#article","isPartOf":{"@id":"https:\/\/www.executiveprofiler.fr\/index.php\/2023\/11\/13\/quel-est-linteret-de-faire-un-bilan-de-competences\/"},"author":{"name":"RAPHAEL","@id":"https:\/\/www.executiveprofiler.fr\/#\/schema\/person\/1c7e2747edd659f9aaaa460ce5bf42a3"},"headline":"Quel est l&#8217;int\u00e9r\u00eat de faire un bilan de comp\u00e9tences ?","datePublished":"2023-11-13T13:30:47+00:00","dateModified":"2024-05-21T08:12:50+00:00","mainEntityOfPage":{"@id":"https:\/\/www.executiveprofiler.fr\/index.php\/2023\/11\/13\/quel-est-linteret-de-faire-un-bilan-de-competences\/"},"wordCount":795,"commentCount":0,"publisher":{"@id":"https:\/\/www.executiveprofiler.fr\/#organization"},"image":{"@id":"https:\/\/www.executiveprofiler.fr\/index.php\/2023\/11\/13\/quel-est-linteret-de-faire-un-bilan-de-competences\/#primaryimage"},"thumbnailUrl":"https:\/\/www.executiveprofiler.fr\/wp-content\/uploads\/2023\/11\/bilan-de-competences.png","articleSection":["Bilan de comp\u00e9tence"],"inLanguage":"fr-FR","potentialAction":[{"@type":"CommentAction","name":"Comment","target":["https:\/\/www.executiveprofiler.fr\/index.php\/2023\/11\/13\/quel-est-linteret-de-faire-un-bilan-de-competences\/#respond"]}]},{"@type":"WebPage","@id":"https:\/\/www.executiveprofiler.fr\/index.php\/2023\/11\/13\/quel-est-linteret-de-faire-un-bilan-de-competences\/","url":"https:\/\/www.executiveprofiler.fr\/index.php\/2023\/11\/13\/quel-est-linteret-de-faire-un-bilan-de-competences\/","name":"Quel est l'int\u00e9r\u00eat de faire un bilan de comp\u00e9tences ? - Executive Profiler","isPartOf":{"@id":"https:\/\/www.executiveprofiler.fr\/#website"},"primaryImageOfPage":{"@id":"https:\/\/www.executiveprofiler.fr\/index.php\/2023\/11\/13\/quel-est-linteret-de-faire-un-bilan-de-competences\/#primaryimage"},"image":{"@id":"https:\/\/www.executiveprofiler.fr\/index.php\/2023\/11\/13\/quel-est-linteret-de-faire-un-bilan-de-competences\/#primaryimage"},"thumbnailUrl":"https:\/\/www.executiveprofiler.fr\/wp-content\/uploads\/2023\/11\/bilan-de-competences.png","datePublished":"2023-11-13T13:30:47+00:00","dateModified":"2024-05-21T08:12:50+00:00","breadcrumb":{"@id":"https:\/\/www.executiveprofiler.fr\/index.php\/2023\/11\/13\/quel-est-linteret-de-faire-un-bilan-de-competences\/#breadcrumb"},"inLanguage":"fr-FR","potentialAction":[{"@type":"ReadAction","target":["https:\/\/www.executiveprofiler.fr\/index.php\/2023\/11\/13\/quel-est-linteret-de-faire-un-bilan-de-competences\/"]}]},{"@type":"ImageObject","inLanguage":"fr-FR","@id":"https:\/\/www.executiveprofiler.fr\/index.php\/2023\/11\/13\/quel-est-linteret-de-faire-un-bilan-de-competences\/#primaryimage","url":"https:\/\/www.executiveprofiler.fr\/wp-content\/uploads\/2023\/11\/bilan-de-competences.png","contentUrl":"https:\/\/www.executiveprofiler.fr\/wp-content\/uploads\/2023\/11\/bilan-de-competences.png","width":1050,"height":600,"caption":"bilan de compe\u0301tences"},{"@type":"BreadcrumbList","@id":"https:\/\/www.executiveprofiler.fr\/index.php\/2023\/11\/13\/quel-est-linteret-de-faire-un-bilan-de-competences\/#breadcrumb","itemListElement":[{"@type":"ListItem","position":1,"name":"Accueil","item":"https:\/\/www.executiveprofiler.fr\/"},{"@type":"ListItem","position":2,"name":"Quel est l&#8217;int\u00e9r\u00eat de faire un bilan de comp\u00e9tences ?"}]},{"@type":"WebSite","@id":"https:\/\/www.executiveprofiler.fr\/#website","url":"https:\/\/www.executiveprofiler.fr\/","name":"Executive Profiler","description":"R\u00e9v\u00e9lez votre Talents","publisher":{"@id":"https:\/\/www.executiveprofiler.fr\/#organization"},"potentialAction":[{"@type":"SearchAction","target":{"@type":"EntryPoint","urlTemplate":"https:\/\/www.executiveprofiler.fr\/?s={search_term_string}"},"query-input":{"@type":"PropertyValueSpecification","valueRequired":true,"valueName":"search_term_string"}}],"inLanguage":"fr-FR"},{"@type":"Organization","@id":"https:\/\/www.executiveprofiler.fr\/#organization","name":"Executive Profiler","url":"https:\/\/www.executiveprofiler.fr\/","logo":{"@type":"ImageObject","inLanguage":"fr-FR","@id":"https:\/\/www.executiveprofiler.fr\/#\/schema\/logo\/image\/","url":"https:\/\/www.executiveprofiler.fr\/wp-content\/uploads\/2024\/05\/logo-EP-.png","contentUrl":"https:\/\/www.executiveprofiler.fr\/wp-content\/uploads\/2024\/05\/logo-EP-.png","width":1148,"height":578,"caption":"Executive Profiler"},"image":{"@id":"https:\/\/www.executiveprofiler.fr\/#\/schema\/logo\/image\/"},"sameAs":["https:\/\/www.facebook.com\/executiveprofiler","https:\/\/www.linkedin.com\/in\/norrito\/","https:\/\/www.youtube.com\/channel\/UCVzcTreI5uP3M7ty0S_BHsw"]},{"@type":"Person","@id":"https:\/\/www.executiveprofiler.fr\/#\/schema\/person\/1c7e2747edd659f9aaaa460ce5bf42a3","name":"RAPHAEL","image":{"@type":"ImageObject","inLanguage":"fr-FR","@id":"https:\/\/secure.gravatar.com\/avatar\/b8e188adc1eceb3a2019712c8557c1fd1faab2e055ec9a1e988bb69ae16ab9b4?s=96&d=mm&r=g","url":"https:\/\/secure.gravatar.com\/avatar\/b8e188adc1eceb3a2019712c8557c1fd1faab2e055ec9a1e988bb69ae16ab9b4?s=96&d=mm&r=g","contentUrl":"https:\/\/secure.gravatar.com\/avatar\/b8e188adc1eceb3a2019712c8557c1fd1faab2e055ec9a1e988bb69ae16ab9b4?s=96&d=mm&r=g","caption":"RAPHAEL"},"url":"https:\/\/www.executiveprofiler.fr\/index.php\/author\/raphael\/"}]}},"acf":[],"_links":{"self":[{"href":"https:\/\/www.executiveprofiler.fr\/index.php\/wp-json\/wp\/v2\/posts\/9090","targetHints":{"allow":["GET"]}}],"collection":[{"href":"https:\/\/www.executiveprofiler.fr\/index.php\/wp-json\/wp\/v2\/posts"}],"about":[{"href":"https:\/\/www.executiveprofiler.fr\/index.php\/wp-json\/wp\/v2\/types\/post"}],"author":[{"embeddable":true,"href":"https:\/\/www.executiveprofiler.fr\/index.php\/wp-json\/wp\/v2\/users\/9"}],"replies":[{"embeddable":true,"href":"https:\/\/www.executiveprofiler.fr\/index.php\/wp-json\/wp\/v2\/comments?post=9090"}],"version-history":[{"count":4,"href":"https:\/\/www.executiveprofiler.fr\/index.php\/wp-json\/wp\/v2\/posts\/9090\/revisions"}],"predecessor-version":[{"id":10082,"href":"https:\/\/www.executiveprofiler.fr\/index.php\/wp-json\/wp\/v2\/posts\/9090\/revisions\/10082"}],"wp:featuredmedia":[{"embeddable":true,"href":"https:\/\/www.executiveprofiler.fr\/index.php\/wp-json\/wp\/v2\/media\/9091"}],"wp:attachment":[{"href":"https:\/\/www.executiveprofiler.fr\/index.php\/wp-json\/wp\/v2\/media?parent=9090"}],"wp:term":[{"taxonomy":"category","embeddable":true,"href":"https:\/\/www.executiveprofiler.fr\/index.php\/wp-json\/wp\/v2\/categories?post=9090"},{"taxonomy":"post_tag","embeddable":true,"href":"https:\/\/www.executiveprofiler.fr\/index.php\/wp-json\/wp\/v2\/tags?post=9090"}],"curies":[{"name":"wp","href":"https:\/\/api.w.org\/{rel}","templated":true}]}}