{"id":2233,"date":"2022-07-13T14:07:19","date_gmt":"2022-07-13T12:07:19","guid":{"rendered":"https:\/\/www.executiveprofiler.fr\/?p=2233"},"modified":"2022-07-29T14:32:04","modified_gmt":"2022-07-29T12:32:04","slug":"2233","status":"publish","type":"post","link":"https:\/\/www.executiveprofiler.fr\/index.php\/2022\/07\/13\/2233\/","title":{"rendered":"R\u00e9ussir sa transition professionnelle"},"content":{"rendered":"\n[et_pb_section fb_built=&#8221;1&#8243; _builder_version=&#8221;4.17.5&#8243; _module_preset=&#8221;default&#8221; global_colors_info=&#8221;{}&#8221;][et_pb_row _builder_version=&#8221;4.17.5&#8243; _module_preset=&#8221;default&#8221; global_colors_info=&#8221;{}&#8221;][et_pb_column type=&#8221;4_4&#8243; _builder_version=&#8221;4.17.5&#8243; _module_preset=&#8221;default&#8221; global_colors_info=&#8221;{}&#8221;][et_pb_text _builder_version=&#8221;4.17.6&#8243; _module_preset=&#8221;default&#8221; text_font=&#8221;Amiko||||||||&#8221; text_font_size=&#8221;19px&#8221; hover_enabled=&#8221;0&#8243; global_colors_info=&#8221;{}&#8221; sticky_enabled=&#8221;0&#8243;]<p style=\"text-align: justify;\">Comment dans mon travail ou en dehors, je pourrais\u00a0 exister au plein sens du terme, avoir un impact sur le monde, vivre selon mes valeurs, et avec enthousiasme\u00a0?<\/p>[\/et_pb_text][et_pb_text _builder_version=&#8221;4.17.5&#8243; _module_preset=&#8221;default&#8221; text_font_size=&#8221;25px&#8221; global_colors_info=&#8221;{}&#8221;]<h2 style=\"text-align: center;\"><span style=\"color: #3366ff;\"><strong>L\u2019importance de bien se conna\u00eetre\u00a0 pour r\u00e9ussir professionnellement<\/strong><\/span><\/h2>[\/et_pb_text][et_pb_text _builder_version=&#8221;4.17.5&#8243; _module_preset=&#8221;default&#8221; text_font=&#8221;Amiko||||||||&#8221; text_font_size=&#8221;19px&#8221; locked=&#8221;off&#8221; global_colors_info=&#8221;{}&#8221;]<p style=\"text-align: justify;\">La crise sanitaire, et les transformations qu\u2019elle induit dans le travail jusqu\u2019 \u00e0 nos relations avec nos proches, nous interroge sur le sens que nous donnons \u00e0 notre activit\u00e9. Pourquoi je vends mon temps contre de l\u2019argent ? je travaille pour obtenir quoi ?<\/p>\n<p style=\"text-align: justify;\">Dans le m\u00eame temps, la crise vient impacter la s\u00e9curit\u00e9 telle que nous la croyions acquise.<br \/>Celle qui touche \u00e0 l\u2019emploi, \u00e0 m\u00eame de r\u00e9pondre \u00e0 nos besoins primordiaux de se nourrir, se loger, terminer des \u00e9tudes, fonder une famille.<\/p>\n<p style=\"text-align: justify;\">Dans un contexte de changement, une des plus grandes difficult\u00e9s est que nous ne connaissons pas les diff\u00e9rentes options, elles ne font pas partie de notre r\u00e9pertoire. Nous perdons beaucoup de notre capacit\u00e9 d\u2019anticipation, ce qui g\u00e9n\u00e8re de surcro\u00eet un sentiment d\u2019ins\u00e9curit\u00e9.<\/p>\n<p style=\"text-align: justify;\">Comment faire des projets qui nous permettent d\u2019exister et se r\u00e9aliser au plein sens du terme ? Comment prendre des d\u00e9cisions avis\u00e9es dans un contexte incertain et de changement ?<\/p>[\/et_pb_text][et_pb_text _builder_version=&#8221;4.17.6&#8243; _module_preset=&#8221;default&#8221; text_font_size=&#8221;25px&#8221; locked=&#8221;off&#8221; global_colors_info=&#8221;{}&#8221;]<h2 style=\"text-align: center;\"><span style=\"color: #3366ff;\"><strong>R\u00e9ussir, c\u2019est quoi ?<\/strong><\/span><\/h2>\n<h2><\/h2>[\/et_pb_text][et_pb_image src=&#8221;https:\/\/www.executiveprofiler.fr\/wp-content\/uploads\/2022\/07\/men-1979261_1920-2-1.jpg&#8221; title_text=&#8221;men-1979261_1920 (2)&#8221; _builder_version=&#8221;4.17.6&#8243; _module_preset=&#8221;default&#8221; global_colors_info=&#8221;{}&#8221;][\/et_pb_image][et_pb_text _builder_version=&#8221;4.17.5&#8243; _module_preset=&#8221;default&#8221; text_font=&#8221;Amiko||||||||&#8221; text_font_size=&#8221;19px&#8221; locked=&#8221;off&#8221; global_colors_info=&#8221;{}&#8221;]<p style=\"text-align: justify;\">Ces 50 derni\u00e8res ann\u00e9es, r\u00e9ussir \u00e9tait une notion coll\u00e9e au bon job, au succ\u00e8s financier. La r\u00e9ussite sociale \u00e9tant articul\u00e9e avec le statut de celui qui organise le travail et le temps des autres.<\/p>\n<p style=\"text-align: justify;\">Si ce statut n\u2019est d\u00e9tenu dans les faits que par quelques-uns, il agit comme un id\u00e9al, une norme que chacun habite, parfois jusqu\u2019\u00e0 s\u2019en rendre malade.<\/p>\n<p style=\"text-align: justify;\">Quels \u00e9taient les sch\u00e9mas traditionnels de la r\u00e9ussite ? Un sch\u00e9ma d\u2019obligation de r\u00e9ussite sur tous les fronts qui vient malheureusement remplir les salles d\u2019attentes du corps m\u00e9dical, des avocats, et des coach.<\/p>\n<p style=\"text-align: justify;\">Un probl\u00e8me fr\u00e9quent chez des femmes autour de 45 \u2013 50 ans est de \u00ab ne pas avoir vu grandir leurs enfants \u00bb, parce qu\u2019elles m\u00e8nent de front le job, la maison, les courses, leur vie de couple, les amis, et les vacances \u00ab r\u00e9ussies \u00bb.<br \/>Est-ce que je me soumets \u00e0 un sch\u00e9ma social de r\u00e9ussite quitte \u00e0 en baver, ou est-ce que je pr\u00e9f\u00e8re construire mon propre sch\u00e9ma de r\u00e9ussite ?<\/p>\n<p style=\"text-align: justify;\">Je connais des artisans, des consultants, des dentistes qui se vivent heureux dans l\u2019activit\u00e9 qu\u2019ils exercent, et sont \u00ab amoureux \u00bb de leur m\u00e9tier et de leurs clients. On pourrait m\u00eame se demander si leur passion, leur sentiment de plaisir intimement li\u00e9 \u00e0 l\u2019exercice d\u2019une activit\u00e9, ne joue pas au d\u00e9triment de leur r\u00e9ussite commerciale. Justement non. Leur enthousiasme \u00e0 exercer, \u00e0 trouver des solutions vient au contraire s\u00e9curiser leurs clients, et les fid\u00e9liser.<\/p>\n<p style=\"text-align: justify;\">Tout un chacun a en t\u00eate la vision d\u2019un environnement id\u00e9al o\u00f9 la communication est ais\u00e9e, et de la reconnaissance qui entoure cette activit\u00e9. Or, identifier cette activit\u00e9, cette mission qui me rendrait heureux, n\u2019est pas aussi simple que le bon sens voudrait le laisser para\u00eetre.<\/p>\n<h3><\/h3>[\/et_pb_text][\/et_pb_column][\/et_pb_row][et_pb_row column_structure=&#8221;2_5,3_5&#8243; _builder_version=&#8221;4.17.5&#8243; _module_preset=&#8221;default&#8221; global_colors_info=&#8221;{}&#8221;][et_pb_column type=&#8221;2_5&#8243; _builder_version=&#8221;4.17.5&#8243; _module_preset=&#8221;default&#8221; global_colors_info=&#8221;{}&#8221;][et_pb_image src=&#8221;https:\/\/www.executiveprofiler.fr\/wp-content\/uploads\/2021\/06\/denis-stritt.jpg&#8221; title_text=&#8221;denis stritt&#8221; _builder_version=&#8221;4.17.6&#8243; _module_preset=&#8221;default&#8221; global_colors_info=&#8221;{}&#8221;][\/et_pb_image][\/et_pb_column][et_pb_column type=&#8221;3_5&#8243; _builder_version=&#8221;4.17.5&#8243; _module_preset=&#8221;default&#8221; global_colors_info=&#8221;{}&#8221;][et_pb_text _builder_version=&#8221;4.17.6&#8243; _module_preset=&#8221;default&#8221; global_colors_info=&#8221;{}&#8221;]<h2><span style=\"color: #3366ff;\">Le conseil de l\u2019Expert<\/span><\/h2>[\/et_pb_text][et_pb_text _builder_version=&#8221;4.17.6&#8243; _module_preset=&#8221;default&#8221; text_font=&#8221;Amiko||||||||&#8221; text_font_size=&#8221;19px&#8221; locked=&#8221;off&#8221; global_colors_info=&#8221;{}&#8221;]<p style=\"text-align: justify;\">L\u2019enjeu est de r\u00e9cup\u00e9rer une capacit\u00e9 d\u00e9cisionnelle ? Traditionnellement, les conseillers en reconversion travaillent essentiellement sur la comp\u00e9tences professionnelle ce qui induit la poursuite d\u2019un sch\u00e9ma social contraignant. Moi je pr\u00e9f\u00e8re travailler avec les personnes sur la connaissance de leur propres besoins car ne r\u00e9ussissent pleinement, que celles qui se sont pos\u00e9es les bonnes questions au niveau personnel.<br \/>Quelles questions dois-je me poser ?<br \/>Ai-je besoin de planifier mon activit\u00e9 pour \u00eatre serein, avec un point d\u2019honneur \u00e0 terminer avant la date butoir, ou \u00e0 l\u2019inverse ai-je besoin de prendre le temps d\u2019examiner toutes les possibilit\u00e9s avant de me d\u00e9cider sur une option, quitte \u00e0 \u00ab d\u00e9poter \u00bb au dernier moment ?<br \/>Mes centres d\u2019int\u00e9r\u00eat se situent-ils principalement sur des techniques, assortis du plaisir d\u2019une comp\u00e9tition, ou suis-je anim\u00e9 par la reconnaissance de l\u2019humain, et des besoins de l\u2019utilisateur d\u2019un produit ?<br \/>Une fois que j\u2019ai r\u00e9cup\u00e9r\u00e9 qui je suis, je peux prendre en main mon avenir professionnel.<\/p>\n<h3><\/h3>[\/et_pb_text][\/et_pb_column][\/et_pb_row][\/et_pb_section]\n","protected":false},"excerpt":{"rendered":"<p>Dans Conseil d\u2019Expert, Denis Stritt nous parle des cl\u00e9s de la r\u00e9ussite de la transition professionnelle.<\/p>\n","protected":false},"author":8,"featured_media":2245,"comment_status":"open","ping_status":"open","sticky":false,"template":"","format":"standard","meta":{"_et_pb_use_builder":"on","_et_pb_old_content":"","_et_gb_content_width":"","footnotes":""},"categories":[1],"tags":[],"class_list":["post-2233","post","type-post","status-publish","format-standard","has-post-thumbnail","hentry","category-non-classe"],"yoast_head":"<!-- This site is optimized with the Yoast SEO plugin v27.5 - https:\/\/yoast.com\/product\/yoast-seo-wordpress\/ -->\n<title>R\u00e9ussir sa transition professionnelle - Executive Profiler<\/title>\n<meta name=\"robots\" content=\"index, follow, max-snippet:-1, max-image-preview:large, max-video-preview:-1\" \/>\n<link rel=\"canonical\" href=\"https:\/\/www.executiveprofiler.fr\/index.php\/2022\/07\/13\/2233\/\" \/>\n<meta property=\"og:locale\" content=\"fr_FR\" \/>\n<meta property=\"og:type\" content=\"article\" \/>\n<meta property=\"og:title\" content=\"R\u00e9ussir sa transition professionnelle - Executive Profiler\" \/>\n<meta property=\"og:description\" content=\"Dans Conseil d\u2019Expert, Denis Stritt nous parle des cl\u00e9s de la r\u00e9ussite de la transition professionnelle.\" \/>\n<meta property=\"og:url\" content=\"https:\/\/www.executiveprofiler.fr\/index.php\/2022\/07\/13\/2233\/\" \/>\n<meta property=\"og:site_name\" content=\"Executive Profiler\" \/>\n<meta property=\"article:publisher\" content=\"https:\/\/www.facebook.com\/executiveprofiler\" \/>\n<meta property=\"article:published_time\" content=\"2022-07-13T12:07:19+00:00\" \/>\n<meta property=\"article:modified_time\" content=\"2022-07-29T12:32:04+00:00\" \/>\n<meta property=\"og:image\" content=\"https:\/\/www.executiveprofiler.fr\/wp-content\/uploads\/2022\/07\/denisarticle.jpg\" \/>\n\t<meta property=\"og:image:width\" content=\"971\" \/>\n\t<meta property=\"og:image:height\" content=\"623\" \/>\n\t<meta property=\"og:image:type\" content=\"image\/jpeg\" \/>\n<meta name=\"author\" content=\"Mathilde Pineau\" \/>\n<meta name=\"twitter:card\" content=\"summary_large_image\" \/>\n<meta name=\"twitter:label1\" content=\"\u00c9crit par\" \/>\n\t<meta name=\"twitter:data1\" content=\"Mathilde Pineau\" \/>\n\t<meta name=\"twitter:label2\" content=\"Dur\u00e9e de lecture estim\u00e9e\" \/>\n\t<meta name=\"twitter:data2\" content=\"5 minutes\" \/>\n<script type=\"application\/ld+json\" class=\"yoast-schema-graph\">{\"@context\":\"https:\\\/\\\/schema.org\",\"@graph\":[{\"@type\":\"Article\",\"@id\":\"https:\\\/\\\/www.executiveprofiler.fr\\\/index.php\\\/2022\\\/07\\\/13\\\/2233\\\/#article\",\"isPartOf\":{\"@id\":\"https:\\\/\\\/www.executiveprofiler.fr\\\/index.php\\\/2022\\\/07\\\/13\\\/2233\\\/\"},\"author\":{\"name\":\"Mathilde Pineau\",\"@id\":\"https:\\\/\\\/www.executiveprofiler.fr\\\/#\\\/schema\\\/person\\\/6d4dc8500470783cec4f41b1ac02ee4a\"},\"headline\":\"R\u00e9ussir sa transition professionnelle\",\"datePublished\":\"2022-07-13T12:07:19+00:00\",\"dateModified\":\"2022-07-29T12:32:04+00:00\",\"mainEntityOfPage\":{\"@id\":\"https:\\\/\\\/www.executiveprofiler.fr\\\/index.php\\\/2022\\\/07\\\/13\\\/2233\\\/\"},\"wordCount\":1004,\"commentCount\":0,\"publisher\":{\"@id\":\"https:\\\/\\\/www.executiveprofiler.fr\\\/#organization\"},\"image\":{\"@id\":\"https:\\\/\\\/www.executiveprofiler.fr\\\/index.php\\\/2022\\\/07\\\/13\\\/2233\\\/#primaryimage\"},\"thumbnailUrl\":\"https:\\\/\\\/www.executiveprofiler.fr\\\/wp-content\\\/uploads\\\/2022\\\/07\\\/denisarticle.jpg\",\"inLanguage\":\"fr-FR\",\"potentialAction\":[{\"@type\":\"CommentAction\",\"name\":\"Comment\",\"target\":[\"https:\\\/\\\/www.executiveprofiler.fr\\\/index.php\\\/2022\\\/07\\\/13\\\/2233\\\/#respond\"]}]},{\"@type\":\"WebPage\",\"@id\":\"https:\\\/\\\/www.executiveprofiler.fr\\\/index.php\\\/2022\\\/07\\\/13\\\/2233\\\/\",\"url\":\"https:\\\/\\\/www.executiveprofiler.fr\\\/index.php\\\/2022\\\/07\\\/13\\\/2233\\\/\",\"name\":\"R\u00e9ussir sa transition professionnelle - Executive Profiler\",\"isPartOf\":{\"@id\":\"https:\\\/\\\/www.executiveprofiler.fr\\\/#website\"},\"primaryImageOfPage\":{\"@id\":\"https:\\\/\\\/www.executiveprofiler.fr\\\/index.php\\\/2022\\\/07\\\/13\\\/2233\\\/#primaryimage\"},\"image\":{\"@id\":\"https:\\\/\\\/www.executiveprofiler.fr\\\/index.php\\\/2022\\\/07\\\/13\\\/2233\\\/#primaryimage\"},\"thumbnailUrl\":\"https:\\\/\\\/www.executiveprofiler.fr\\\/wp-content\\\/uploads\\\/2022\\\/07\\\/denisarticle.jpg\",\"datePublished\":\"2022-07-13T12:07:19+00:00\",\"dateModified\":\"2022-07-29T12:32:04+00:00\",\"breadcrumb\":{\"@id\":\"https:\\\/\\\/www.executiveprofiler.fr\\\/index.php\\\/2022\\\/07\\\/13\\\/2233\\\/#breadcrumb\"},\"inLanguage\":\"fr-FR\",\"potentialAction\":[{\"@type\":\"ReadAction\",\"target\":[\"https:\\\/\\\/www.executiveprofiler.fr\\\/index.php\\\/2022\\\/07\\\/13\\\/2233\\\/\"]}]},{\"@type\":\"ImageObject\",\"inLanguage\":\"fr-FR\",\"@id\":\"https:\\\/\\\/www.executiveprofiler.fr\\\/index.php\\\/2022\\\/07\\\/13\\\/2233\\\/#primaryimage\",\"url\":\"https:\\\/\\\/www.executiveprofiler.fr\\\/wp-content\\\/uploads\\\/2022\\\/07\\\/denisarticle.jpg\",\"contentUrl\":\"https:\\\/\\\/www.executiveprofiler.fr\\\/wp-content\\\/uploads\\\/2022\\\/07\\\/denisarticle.jpg\",\"width\":971,\"height\":623},{\"@type\":\"BreadcrumbList\",\"@id\":\"https:\\\/\\\/www.executiveprofiler.fr\\\/index.php\\\/2022\\\/07\\\/13\\\/2233\\\/#breadcrumb\",\"itemListElement\":[{\"@type\":\"ListItem\",\"position\":1,\"name\":\"Accueil\",\"item\":\"https:\\\/\\\/www.executiveprofiler.fr\\\/\"},{\"@type\":\"ListItem\",\"position\":2,\"name\":\"R\u00e9ussir sa transition professionnelle\"}]},{\"@type\":\"WebSite\",\"@id\":\"https:\\\/\\\/www.executiveprofiler.fr\\\/#website\",\"url\":\"https:\\\/\\\/www.executiveprofiler.fr\\\/\",\"name\":\"Executive Profiler\",\"description\":\"R\u00e9v\u00e9lez votre Talents\",\"publisher\":{\"@id\":\"https:\\\/\\\/www.executiveprofiler.fr\\\/#organization\"},\"potentialAction\":[{\"@type\":\"SearchAction\",\"target\":{\"@type\":\"EntryPoint\",\"urlTemplate\":\"https:\\\/\\\/www.executiveprofiler.fr\\\/?s={search_term_string}\"},\"query-input\":{\"@type\":\"PropertyValueSpecification\",\"valueRequired\":true,\"valueName\":\"search_term_string\"}}],\"inLanguage\":\"fr-FR\"},{\"@type\":\"Organization\",\"@id\":\"https:\\\/\\\/www.executiveprofiler.fr\\\/#organization\",\"name\":\"Executive Profiler\",\"url\":\"https:\\\/\\\/www.executiveprofiler.fr\\\/\",\"logo\":{\"@type\":\"ImageObject\",\"inLanguage\":\"fr-FR\",\"@id\":\"https:\\\/\\\/www.executiveprofiler.fr\\\/#\\\/schema\\\/logo\\\/image\\\/\",\"url\":\"https:\\\/\\\/www.executiveprofiler.fr\\\/wp-content\\\/uploads\\\/2024\\\/05\\\/logo-EP-.png\",\"contentUrl\":\"https:\\\/\\\/www.executiveprofiler.fr\\\/wp-content\\\/uploads\\\/2024\\\/05\\\/logo-EP-.png\",\"width\":1148,\"height\":578,\"caption\":\"Executive Profiler\"},\"image\":{\"@id\":\"https:\\\/\\\/www.executiveprofiler.fr\\\/#\\\/schema\\\/logo\\\/image\\\/\"},\"sameAs\":[\"https:\\\/\\\/www.facebook.com\\\/executiveprofiler\",\"https:\\\/\\\/www.linkedin.com\\\/in\\\/norrito\\\/\",\"https:\\\/\\\/www.youtube.com\\\/channel\\\/UCVzcTreI5uP3M7ty0S_BHsw\"]},{\"@type\":\"Person\",\"@id\":\"https:\\\/\\\/www.executiveprofiler.fr\\\/#\\\/schema\\\/person\\\/6d4dc8500470783cec4f41b1ac02ee4a\",\"name\":\"Mathilde Pineau\",\"image\":{\"@type\":\"ImageObject\",\"inLanguage\":\"fr-FR\",\"@id\":\"https:\\\/\\\/secure.gravatar.com\\\/avatar\\\/b4a8f8d1d1bddc0cdca3762b5088905e1ab8d1255d170882a861d7d112a30b22?s=96&d=mm&r=g\",\"url\":\"https:\\\/\\\/secure.gravatar.com\\\/avatar\\\/b4a8f8d1d1bddc0cdca3762b5088905e1ab8d1255d170882a861d7d112a30b22?s=96&d=mm&r=g\",\"contentUrl\":\"https:\\\/\\\/secure.gravatar.com\\\/avatar\\\/b4a8f8d1d1bddc0cdca3762b5088905e1ab8d1255d170882a861d7d112a30b22?s=96&d=mm&r=g\",\"caption\":\"Mathilde Pineau\"},\"description\":\"Community Manager d'Executive profiler\",\"url\":\"https:\\\/\\\/www.executiveprofiler.fr\\\/index.php\\\/author\\\/mathilde\\\/\"}]}<\/script>\n<!-- \/ Yoast SEO plugin. -->","yoast_head_json":{"title":"R\u00e9ussir sa transition professionnelle - Executive Profiler","robots":{"index":"index","follow":"follow","max-snippet":"max-snippet:-1","max-image-preview":"max-image-preview:large","max-video-preview":"max-video-preview:-1"},"canonical":"https:\/\/www.executiveprofiler.fr\/index.php\/2022\/07\/13\/2233\/","og_locale":"fr_FR","og_type":"article","og_title":"R\u00e9ussir sa transition professionnelle - Executive Profiler","og_description":"Dans Conseil d\u2019Expert, Denis Stritt nous parle des cl\u00e9s de la r\u00e9ussite de la transition professionnelle.","og_url":"https:\/\/www.executiveprofiler.fr\/index.php\/2022\/07\/13\/2233\/","og_site_name":"Executive Profiler","article_publisher":"https:\/\/www.facebook.com\/executiveprofiler","article_published_time":"2022-07-13T12:07:19+00:00","article_modified_time":"2022-07-29T12:32:04+00:00","og_image":[{"width":971,"height":623,"url":"https:\/\/www.executiveprofiler.fr\/wp-content\/uploads\/2022\/07\/denisarticle.jpg","type":"image\/jpeg"}],"author":"Mathilde Pineau","twitter_card":"summary_large_image","twitter_misc":{"\u00c9crit par":"Mathilde Pineau","Dur\u00e9e de lecture estim\u00e9e":"5 minutes"},"schema":{"@context":"https:\/\/schema.org","@graph":[{"@type":"Article","@id":"https:\/\/www.executiveprofiler.fr\/index.php\/2022\/07\/13\/2233\/#article","isPartOf":{"@id":"https:\/\/www.executiveprofiler.fr\/index.php\/2022\/07\/13\/2233\/"},"author":{"name":"Mathilde Pineau","@id":"https:\/\/www.executiveprofiler.fr\/#\/schema\/person\/6d4dc8500470783cec4f41b1ac02ee4a"},"headline":"R\u00e9ussir sa transition professionnelle","datePublished":"2022-07-13T12:07:19+00:00","dateModified":"2022-07-29T12:32:04+00:00","mainEntityOfPage":{"@id":"https:\/\/www.executiveprofiler.fr\/index.php\/2022\/07\/13\/2233\/"},"wordCount":1004,"commentCount":0,"publisher":{"@id":"https:\/\/www.executiveprofiler.fr\/#organization"},"image":{"@id":"https:\/\/www.executiveprofiler.fr\/index.php\/2022\/07\/13\/2233\/#primaryimage"},"thumbnailUrl":"https:\/\/www.executiveprofiler.fr\/wp-content\/uploads\/2022\/07\/denisarticle.jpg","inLanguage":"fr-FR","potentialAction":[{"@type":"CommentAction","name":"Comment","target":["https:\/\/www.executiveprofiler.fr\/index.php\/2022\/07\/13\/2233\/#respond"]}]},{"@type":"WebPage","@id":"https:\/\/www.executiveprofiler.fr\/index.php\/2022\/07\/13\/2233\/","url":"https:\/\/www.executiveprofiler.fr\/index.php\/2022\/07\/13\/2233\/","name":"R\u00e9ussir sa transition professionnelle - Executive Profiler","isPartOf":{"@id":"https:\/\/www.executiveprofiler.fr\/#website"},"primaryImageOfPage":{"@id":"https:\/\/www.executiveprofiler.fr\/index.php\/2022\/07\/13\/2233\/#primaryimage"},"image":{"@id":"https:\/\/www.executiveprofiler.fr\/index.php\/2022\/07\/13\/2233\/#primaryimage"},"thumbnailUrl":"https:\/\/www.executiveprofiler.fr\/wp-content\/uploads\/2022\/07\/denisarticle.jpg","datePublished":"2022-07-13T12:07:19+00:00","dateModified":"2022-07-29T12:32:04+00:00","breadcrumb":{"@id":"https:\/\/www.executiveprofiler.fr\/index.php\/2022\/07\/13\/2233\/#breadcrumb"},"inLanguage":"fr-FR","potentialAction":[{"@type":"ReadAction","target":["https:\/\/www.executiveprofiler.fr\/index.php\/2022\/07\/13\/2233\/"]}]},{"@type":"ImageObject","inLanguage":"fr-FR","@id":"https:\/\/www.executiveprofiler.fr\/index.php\/2022\/07\/13\/2233\/#primaryimage","url":"https:\/\/www.executiveprofiler.fr\/wp-content\/uploads\/2022\/07\/denisarticle.jpg","contentUrl":"https:\/\/www.executiveprofiler.fr\/wp-content\/uploads\/2022\/07\/denisarticle.jpg","width":971,"height":623},{"@type":"BreadcrumbList","@id":"https:\/\/www.executiveprofiler.fr\/index.php\/2022\/07\/13\/2233\/#breadcrumb","itemListElement":[{"@type":"ListItem","position":1,"name":"Accueil","item":"https:\/\/www.executiveprofiler.fr\/"},{"@type":"ListItem","position":2,"name":"R\u00e9ussir sa transition professionnelle"}]},{"@type":"WebSite","@id":"https:\/\/www.executiveprofiler.fr\/#website","url":"https:\/\/www.executiveprofiler.fr\/","name":"Executive Profiler","description":"R\u00e9v\u00e9lez votre Talents","publisher":{"@id":"https:\/\/www.executiveprofiler.fr\/#organization"},"potentialAction":[{"@type":"SearchAction","target":{"@type":"EntryPoint","urlTemplate":"https:\/\/www.executiveprofiler.fr\/?s={search_term_string}"},"query-input":{"@type":"PropertyValueSpecification","valueRequired":true,"valueName":"search_term_string"}}],"inLanguage":"fr-FR"},{"@type":"Organization","@id":"https:\/\/www.executiveprofiler.fr\/#organization","name":"Executive Profiler","url":"https:\/\/www.executiveprofiler.fr\/","logo":{"@type":"ImageObject","inLanguage":"fr-FR","@id":"https:\/\/www.executiveprofiler.fr\/#\/schema\/logo\/image\/","url":"https:\/\/www.executiveprofiler.fr\/wp-content\/uploads\/2024\/05\/logo-EP-.png","contentUrl":"https:\/\/www.executiveprofiler.fr\/wp-content\/uploads\/2024\/05\/logo-EP-.png","width":1148,"height":578,"caption":"Executive Profiler"},"image":{"@id":"https:\/\/www.executiveprofiler.fr\/#\/schema\/logo\/image\/"},"sameAs":["https:\/\/www.facebook.com\/executiveprofiler","https:\/\/www.linkedin.com\/in\/norrito\/","https:\/\/www.youtube.com\/channel\/UCVzcTreI5uP3M7ty0S_BHsw"]},{"@type":"Person","@id":"https:\/\/www.executiveprofiler.fr\/#\/schema\/person\/6d4dc8500470783cec4f41b1ac02ee4a","name":"Mathilde Pineau","image":{"@type":"ImageObject","inLanguage":"fr-FR","@id":"https:\/\/secure.gravatar.com\/avatar\/b4a8f8d1d1bddc0cdca3762b5088905e1ab8d1255d170882a861d7d112a30b22?s=96&d=mm&r=g","url":"https:\/\/secure.gravatar.com\/avatar\/b4a8f8d1d1bddc0cdca3762b5088905e1ab8d1255d170882a861d7d112a30b22?s=96&d=mm&r=g","contentUrl":"https:\/\/secure.gravatar.com\/avatar\/b4a8f8d1d1bddc0cdca3762b5088905e1ab8d1255d170882a861d7d112a30b22?s=96&d=mm&r=g","caption":"Mathilde Pineau"},"description":"Community Manager d'Executive profiler","url":"https:\/\/www.executiveprofiler.fr\/index.php\/author\/mathilde\/"}]}},"acf":[],"_links":{"self":[{"href":"https:\/\/www.executiveprofiler.fr\/index.php\/wp-json\/wp\/v2\/posts\/2233","targetHints":{"allow":["GET"]}}],"collection":[{"href":"https:\/\/www.executiveprofiler.fr\/index.php\/wp-json\/wp\/v2\/posts"}],"about":[{"href":"https:\/\/www.executiveprofiler.fr\/index.php\/wp-json\/wp\/v2\/types\/post"}],"author":[{"embeddable":true,"href":"https:\/\/www.executiveprofiler.fr\/index.php\/wp-json\/wp\/v2\/users\/8"}],"replies":[{"embeddable":true,"href":"https:\/\/www.executiveprofiler.fr\/index.php\/wp-json\/wp\/v2\/comments?post=2233"}],"version-history":[{"count":10,"href":"https:\/\/www.executiveprofiler.fr\/index.php\/wp-json\/wp\/v2\/posts\/2233\/revisions"}],"predecessor-version":[{"id":2296,"href":"https:\/\/www.executiveprofiler.fr\/index.php\/wp-json\/wp\/v2\/posts\/2233\/revisions\/2296"}],"wp:featuredmedia":[{"embeddable":true,"href":"https:\/\/www.executiveprofiler.fr\/index.php\/wp-json\/wp\/v2\/media\/2245"}],"wp:attachment":[{"href":"https:\/\/www.executiveprofiler.fr\/index.php\/wp-json\/wp\/v2\/media?parent=2233"}],"wp:term":[{"taxonomy":"category","embeddable":true,"href":"https:\/\/www.executiveprofiler.fr\/index.php\/wp-json\/wp\/v2\/categories?post=2233"},{"taxonomy":"post_tag","embeddable":true,"href":"https:\/\/www.executiveprofiler.fr\/index.php\/wp-json\/wp\/v2\/tags?post=2233"}],"curies":[{"name":"wp","href":"https:\/\/api.w.org\/{rel}","templated":true}]}}